{"id":4859,"date":"2017-02-15T19:00:17","date_gmt":"2017-02-15T19:00:17","guid":{"rendered":"http:\/\/quetalvirtual.com\/estudioq\/?p=4859"},"modified":"2019-08-15T17:20:46","modified_gmt":"2019-08-15T17:20:46","slug":"gran-boda-de-sofia-lopez-y-oscar-perez-14-febrero-2017-sociales","status":"publish","type":"post","link":"https:\/\/quetalvirtual.com\/estudioq\/gran-boda-de-sofia-lopez-y-oscar-perez-14-febrero-2017-sociales\/","title":{"rendered":"Gran Boda de Sof\u00eda L\u00f3pez y Oscar P\u00e9rez"},"content":{"rendered":"","protected":false},"excerpt":{"rendered":"","protected":false},"author":1,"featured_media":4861,"comment_status":"closed","ping_status":"open","sticky":false,"template":"","format":"standard","meta":{"footnotes":""},"categories":[23,10],"tags":[],"class_list":["post-4859","post","type-post","status-publish","format-standard","has-post-thumbnail","hentry","category-eventos-sociales","category-todos"],"_links":{"self":[{"href":"https:\/\/quetalvirtual.com\/estudioq\/wp-json\/wp\/v2\/posts\/4859"}],"collection":[{"href":"https:\/\/quetalvirtual.com\/estudioq\/wp-json\/wp\/v2\/posts"}],"about":[{"href":"https:\/\/quetalvirtual.com\/estudioq\/wp-json\/wp\/v2\/types\/post"}],"author":[{"embeddable":true,"href":"https:\/\/quetalvirtual.com\/estudioq\/wp-json\/wp\/v2\/users\/1"}],"replies":[{"embeddable":true,"href":"https:\/\/quetalvirtual.com\/estudioq\/wp-json\/wp\/v2\/comments?post=4859"}],"version-history":[{"count":2,"href":"https:\/\/quetalvirtual.com\/estudioq\/wp-json\/wp\/v2\/posts\/4859\/revisions"}],"predecessor-version":[{"id":9960,"href":"https:\/\/quetalvirtual.com\/estudioq\/wp-json\/wp\/v2\/posts\/4859\/revisions\/9960"}],"wp:featuredmedia":[{"embeddable":true,"href":"https:\/\/quetalvirtual.com\/estudioq\/wp-json\/wp\/v2\/media\/4861"}],"wp:attachment":[{"href":"https:\/\/quetalvirtual.com\/estudioq\/wp-json\/wp\/v2\/media?parent=4859"}],"wp:term":[{"taxonomy":"category","embeddable":true,"href":"https:\/\/quetalvirtual.com\/estudioq\/wp-json\/wp\/v2\/categories?post=4859"},{"taxonomy":"post_tag","embeddable":true,"href":"https:\/\/quetalvirtual.com\/estudioq\/wp-json\/wp\/v2\/tags?post=4859"}],"curies":[{"name":"wp","href":"https:\/\/api.w.org\/{rel}","templated":true}]}}